{"id":102,"date":"2026-04-21T10:21:11","date_gmt":"2026-04-21T10:21:11","guid":{"rendered":"https:\/\/www.villasdeprovence.fr\/blog\/2026\/04\/21\/comprendre-le-role-du-comite-interprofessionnel-du-logement-et-ses-actions\/"},"modified":"2026-04-21T10:21:11","modified_gmt":"2026-04-21T10:21:11","slug":"comprendre-le-role-du-comite-interprofessionnel-du-logement-et-ses-actions","status":"publish","type":"post","link":"https:\/\/www.villasdeprovence.fr\/blog\/2026\/04\/21\/comprendre-le-role-du-comite-interprofessionnel-du-logement-et-ses-actions\/","title":{"rendered":"Comprendre le r\u00f4le du comit\u00e9 interprofessionnel du logement et ses actions"},"content":{"rendered":"<p>Dans un contexte o\u00f9 l&rsquo;acc\u00e8s au logement demeure un enjeu majeur pour les millions de salari\u00e9s fran\u00e7ais, le Comit\u00e9 Interprofessionnel du Logement (CIL) s&rsquo;impose comme un acteur incontournable. N\u00e9 de la n\u00e9cessit\u00e9 d&rsquo;accompagner la reconstruction d&rsquo;apr\u00e8s-guerre, ce dispositif a su \u00e9voluer pour r\u00e9pondre aux d\u00e9fis complexes du march\u00e9 immobilier et des politiques du logement, notamment en concentrant ses efforts sur les travailleurs les plus vuln\u00e9rables. Aujourd\u2019hui, int\u00e9gr\u00e9 au Groupe Action Logement, il conjugue coordination strat\u00e9gique, actions innovantes et soutien aux locataires. Son r\u00f4le d\u00e9passe largement la simple collecte de la contribution employeur, pour toucher une pluralit\u00e9 d&rsquo;interventions allant de la facilitation de l&rsquo;acc\u00e8s au logement jusqu\u2019\u00e0 la r\u00e9novation \u00e9nerg\u00e9tique des habitats. Analyser le r\u00f4le, les missions et les perspectives du comit\u00e9 r\u00e9v\u00e8le une dynamique essentielle pour comprendre la politique sociale et immobili\u00e8re en France.<\/p>\n\n<p><strong>En bref :<\/strong><\/p>\n\n<ul class=\"wp-block-list\"><li><strong>Cr\u00e9ation historique :<\/strong> Le CIL a \u00e9t\u00e9 cr\u00e9\u00e9 en 1953 pour collecter la participation employeur \u00e0 l\u2019effort de construction (PEEC) et faciliter le logement des salari\u00e9s.<\/li><li><strong>\u00c9volution majeure :<\/strong> Avec la restructuration en Action Logement, la mission s\u2019est recentr\u00e9e sur le soutien aux salari\u00e9s vuln\u00e9rables et l\u2019am\u00e9lioration des conditions d\u2019habitat.<\/li><li><strong>Actions vari\u00e9es :<\/strong> Financement de logements sociaux, aides \u00e0 la location, pr\u00eats \u00e0 taux pr\u00e9f\u00e9rentiels et accompagnement personnalis\u00e9.<\/li><li><strong>D\u00e9fis contemporains :<\/strong> P\u00e9nurie de logements abordables, adaptation aux normes environnementales et mutation des modes de travail.<\/li><li><strong>Perspectives 2026 :<\/strong> D\u00e9veloppement de solutions flexibles, r\u00e9novation \u00e9nerg\u00e9tique accrue et renforcement des partenariats locaux pour optimiser l\u2019offre de logement.<\/li><\/ul>\n\n<h2 class=\"wp-block-heading\">Origines et fondements du comit\u00e9 interprofessionnel du logement : une r\u00e9ponse \u00e0 la crise du logement<\/h2>\n\n<p>Le Comit\u00e9 Interprofessionnel du Logement prend sa source dans les ann\u00e9es 1950, un moment critique o\u00f9 la France subissait les cons\u00e9quences de la seconde guerre mondiale avec une p\u00e9nurie alarmante de logements. Con\u00e7u en 1953, ce m\u00e9canisme visait \u00e0 mobiliser les entreprises pour financer la construction de logements destin\u00e9s \u00e0 leurs salari\u00e9s. Cette d\u00e9marche sociale, institu\u00e9e via la Participation des Employeurs \u00e0 l\u2019Effort de Construction (PEEC), plus commun\u00e9ment d\u00e9sign\u00e9e sous le nom de \u00ab\u00a01 % logement\u00a0\u00bb, fixait une contribution directe sur la masse salariale des entreprises d\u00e9passant vingt salari\u00e9s.<\/p>\n\n<p>Ce syst\u00e8me innovant pr\u00e9sentait plusieurs dimensions essentielles. Il \u00e9tait d\u2019abord <strong>paritaire<\/strong>, associant de mani\u00e8re \u00e9quilibr\u00e9e les repr\u00e9sentants des employeurs et des salari\u00e9s, pour garantir la prise en compte \u00e9quitable des int\u00e9r\u00eats en jeu. Le Comit\u00e9 devait donc d\u00e9passer la simple collecte de fonds pour organiser une v\u00e9ritable politique de logement conforme aux besoins des travailleurs. Ce cadre a permis non seulement la construction de logements sociaux, mais aussi l\u2019octroi de pr\u00eats \u00e0 taux pr\u00e9f\u00e9rentiels \u00e0 destination des salari\u00e9s souhaitant acqu\u00e9rir leur r\u00e9sidence principale ou financer des travaux, ainsi que des pr\u00eats compl\u00e9mentaires destin\u00e9s \u00e0 la construction de logements locatifs sociaux.<\/p>\n\n<p>\u00c0 travers ces m\u00e9canismes, le comit\u00e9 a jou\u00e9 un r\u00f4le de r\u00e9gulateur et d\u2019impulseur social capital majeur, facilitant notamment l\u2019acc\u00e8s \u00e0 la propri\u00e9t\u00e9 pour les classes moyennes salari\u00e9es. D\u00e8s ses d\u00e9buts, il a contribu\u00e9 \u00e0 structurer le march\u00e9 du logement social et interm\u00e9diaire en France, apportant une solution collective et solidaire dans un secteur fragment\u00e9. La participation obligatoire des entreprises assurait un flux financier continu, indispensable \u00e0 la p\u00e9rennit\u00e9 des op\u00e9rations de construction et de r\u00e9novation, tout en \u00e9tablissant un mod\u00e8le d\u2019\u00e9conomie sociale fond\u00e9 sur la redistribution et l\u2019investissement collectif.<\/p>\n\n<p>Cette gen\u00e8se explique pourquoi, aujourd\u2019hui encore, le comit\u00e9 interprofessionnel du logement reste un acteur central des <strong>politiques du logement<\/strong> et de l\u2019habitat, h\u00e9ritier d\u2019une volont\u00e9 de coordination entre secteurs priv\u00e9s et publics, pour r\u00e9pondre aux besoins croissants de salari\u00e9s en qu\u00eate de logement accessible et stable.<\/p>\n\n<figure class=\"wp-block-image size-full\"><img loading=\"lazy\" decoding=\"async\" width=\"1344\" height=\"768\" src=\"https:\/\/www.villasdeprovence.fr\/blog\/wp-content\/uploads\/2026\/04\/Comprendre-le-role-du-comite-interprofessionnel-du-logement-et-ses-actions-1.jpg\" alt=\"d\u00e9couvrez le r\u00f4le essentiel du comit\u00e9 interprofessionnel du logement et ses actions cl\u00e9s pour faciliter l&#039;acc\u00e8s au logement et am\u00e9liorer les conditions d&#039;habitat.\" class=\"wp-image-100\" srcset=\"https:\/\/www.villasdeprovence.fr\/blog\/wp-content\/uploads\/2026\/04\/Comprendre-le-role-du-comite-interprofessionnel-du-logement-et-ses-actions-1.jpg 1344w, https:\/\/www.villasdeprovence.fr\/blog\/wp-content\/uploads\/2026\/04\/Comprendre-le-role-du-comite-interprofessionnel-du-logement-et-ses-actions-1-300x171.jpg 300w, https:\/\/www.villasdeprovence.fr\/blog\/wp-content\/uploads\/2026\/04\/Comprendre-le-role-du-comite-interprofessionnel-du-logement-et-ses-actions-1-1024x585.jpg 1024w, https:\/\/www.villasdeprovence.fr\/blog\/wp-content\/uploads\/2026\/04\/Comprendre-le-role-du-comite-interprofessionnel-du-logement-et-ses-actions-1-768x439.jpg 768w\" sizes=\"auto, (max-width: 1344px) 100vw, 1344px\" \/><\/figure>\n\n<h2 class=\"wp-block-heading\">La transformation en Action Logement : une restructuration pour plus d\u2019efficacit\u00e9 et d\u2019impact<\/h2>\n\n<p>Face \u00e0 une \u00e9volution rapide des enjeux de logement en France, le CIL a connu une transformation profonde depuis le d\u00e9but des ann\u00e9es 2000. Cette r\u00e9organisation s\u2019est mat\u00e9rialis\u00e9e par la cr\u00e9ation d\u2019Action Logement en 2009, destin\u00e9e \u00e0 regrouper les diff\u00e9rentes instances d\u00e9partementales en une entit\u00e9 plus unifi\u00e9e et coordonn\u00e9e. En 2015, l\u2019int\u00e9gration finale dans le Groupe Action Logement a permis une gestion centralis\u00e9e tout en s\u2019appuyant sur des comit\u00e9s r\u00e9gionaux pour une meilleure adaptation locale.<\/p>\n\n<p>Cette restructuration offre plusieurs avantages strat\u00e9giques. En premier lieu, la centralisation des ressources optimise leur allocation, limitant les doublons administratifs et permettant des actions plus cibl\u00e9es. Le recentrage des missions inclut d\u00e9sormais un soutien renforc\u00e9 aux travailleurs pr\u00e9caires, aux jeunes actifs et aux alternants, groupes souvent marginalis\u00e9s dans l\u2019acc\u00e8s au logement. L\u2019offre d\u2019accompagnement personnalis\u00e9 a ainsi \u00e9t\u00e9 largement d\u00e9velopp\u00e9e, proposant conseils, accompagnement social et dispositifs facilitant la mobilit\u00e9 professionnelle.<\/p>\n\n<p>La coordination entre acteurs locaux \u2013 collectivit\u00e9s, entreprises, bailleurs sociaux \u2013 est un autre pilier. Gr\u00e2ce aux comit\u00e9s r\u00e9gionaux Action Logement, la politique publique s\u2019adapte mieux aux r\u00e9alit\u00e9s du terrain, tenant compte des disparit\u00e9s territoriales dans l\u2019acc\u00e8s \u00e0 un habitat de qualit\u00e9. Cette approche locale a conduit \u00e0 la multiplication de projets de r\u00e9novation urbaine et \u00e0 la promotion active d\u2019une am\u00e9lioration des conditions de logement, notamment par l\u2019int\u00e9gration des normes environnementales.<\/p>\n\n<p>Un tableau synth\u00e9tise les principales phases de cette \u00e9volution :<\/p>\n\n<figure class=\"wp-block-table\"><table>\n<thead>\n<tr>\n<th>P\u00e9riode<\/th>\n<th>Organisation<\/th>\n<th>Caract\u00e9ristiques principales<\/th>\n<\/tr>\n<\/thead>\n<tbody>\n<tr>\n<td>1953-2009<\/td>\n<td>Comit\u00e9s Interprofessionnels du Logement<\/td>\n<td>Gestion d\u00e9centralis\u00e9e, missions locales, collecte PEEC<\/td>\n<\/tr>\n<tr>\n<td>2009-2015<\/td>\n<td>Action Logement (phase de structuration)<\/td>\n<td>Regroupement des CIL, d\u00e9but de centralisation<\/td>\n<\/tr>\n<tr>\n<td>Depuis 2015<\/td>\n<td>Groupe Action Logement<\/td>\n<td>Gestion centralis\u00e9e, comit\u00e9s r\u00e9gionaux, missions \u00e9largies<\/td>\n<\/tr>\n<\/tbody>\n<\/table><\/figure>\n\n<p>En consolidant ses forces, le comit\u00e9 interprofessionnel du logement a su intensifier son <strong>soutien aux locataires<\/strong> et am\u00e9liorer sensiblement la qualit\u00e9 de l\u2019habitat propos\u00e9, avec un impact visible sur le march\u00e9 immobilier \u00e0 l\u2019\u00e9chelle nationale. Cette \u00e9volution a \u00e9t\u00e9 aussi marqu\u00e9e par une plus forte r\u00e9gulation pour garantir la transparence et l\u2019efficacit\u00e9 des fonds collect\u00e9s, comme d\u00e9taill\u00e9 dans cette <a href=\"https:\/\/selfcoaching.fr\/comite-interprofessionnel-du-logement-role-missions-et-impact-en-2025\/\" rel=\"nofollow\">analyse compl\u00e8te du CIL et de son r\u00f4le en 2025<\/a>.<\/p>\n\n<figure class=\"is-provider-youtube is-type-video wp-block-embed wp-block-embed-youtube wp-embed-aspect-16-9 wp-has-aspect-ratio\"><div class=\"wp-block-embed__wrapper\">\n<iframe loading=\"lazy\" title=\"Cotation de la demande de logement social\" width=\"500\" height=\"281\" src=\"https:\/\/www.youtube.com\/embed\/lgf6OK1CmuU?feature=oembed\" frameborder=\"0\" allow=\"accelerometer; autoplay; clipboard-write; encrypted-media; gyroscope; picture-in-picture; web-share\" referrerpolicy=\"strict-origin-when-cross-origin\" allowfullscreen><\/iframe>\n<\/div><\/figure>\n\n<h2 class=\"wp-block-heading\">Missions actuelles du comit\u00e9 interprofessionnel du logement : un appui cibl\u00e9 pour les salari\u00e9s vuln\u00e9rables<\/h2>\n\n<p>Au c\u0153ur de la strat\u00e9gie d\u2019Action Logement, le comit\u00e9 interprofessionnel du logement concentre ses efforts sur le soutien aux salari\u00e9s en situation fragile. Cela comprend notamment les travailleurs pr\u00e9caires, les jeunes entr\u00e9s sur le march\u00e9 du travail, ou encore les alternants qui rencontrent souvent des difficult\u00e9s majeures \u00e0 acc\u00e9der \u00e0 un logement stable et adapt\u00e9.<\/p>\n\n<p>Les actions d\u00e9ploy\u00e9es touchent divers aspects :<\/p>\n\n<ul class=\"wp-block-list\"><li><strong>Accompagnement personnalis\u00e9 :<\/strong> Conseils pour la recherche de logement, orientation vers les aides financi\u00e8res et administratives.<\/li><li><strong>Pr\u00eats \u00e0 taux pr\u00e9f\u00e9rentiels :<\/strong> Le fameux Pr\u00eat Action Logement, accessible sous conditions, permet de financer l\u2019acquisition ou la construction avec des modalit\u00e9s avantageuses. Le plafond s\u2019\u00e9l\u00e8ve \u00e0 30 000 euros, avec un taux d\u2019int\u00e9r\u00eat \u00e0 1 % et une dur\u00e9e maximale de 25 ans.<\/li><li><strong>Aides \u00e0 la location et cautions :<\/strong> Pour faciliter l\u2019acc\u00e8s \u00e0 la location, le comit\u00e9 peut intervenir en tant que garant via cautionnements, r\u00e9duisant ainsi la barri\u00e8re du d\u00e9p\u00f4t de garantie.<\/li><li><strong>Financement de logements sociaux et interm\u00e9diaires :<\/strong> Partenariats renforc\u00e9s avec les bailleurs sociaux pour d\u00e9velopper une offre adapt\u00e9e et durable.<\/li><\/ul>\n\n<p>Ces engagements s\u2019inscrivent dans une logique d\u2019am\u00e9lioration continue des conditions d\u2019habitat. Par exemple, la collaboration avec l\u2019Agence Nationale pour la R\u00e9novation Urbaine (ANRU) dynamise des projets de r\u00e9habilitation urbaine permettant une meilleure qualit\u00e9 de vie pour les salari\u00e9s concern\u00e9s par ces dispositifs. Le comit\u00e9 agit donc aussi comme catalyseur d\u2019initiatives publiques et priv\u00e9es.<\/p>\n\n<p>Les modalit\u00e9s d\u2019\u00e9ligibilit\u00e9 sont bien encadr\u00e9es : les salari\u00e9s du secteur priv\u00e9 non agricole, sous conditions de revenus sp\u00e9cifiques, peuvent b\u00e9n\u00e9ficier du dispositif, ouvrant ainsi un acc\u00e8s plus large au logement \u00e0 des populations qui en \u00e9taient parfois exclues jusqu\u2019alors.<\/p>\n\n<p>Pour approfondir ces aides sp\u00e9cifiques et leur port\u00e9e, il est utile de consulter des ressources sp\u00e9cialis\u00e9es comme celles <a href=\"https:\/\/www.citadelles.org\/comite-interprofessionnel-du-logement-role-missions-et-evolution-du-1-logement\/\" rel=\"nofollow\">qui d\u00e9taillent le r\u00f4le et les dispositifs propos\u00e9s<\/a>.<\/p>\n\n<figure class=\"wp-block-image size-full\"><img loading=\"lazy\" decoding=\"async\" width=\"1344\" height=\"768\" src=\"https:\/\/www.villasdeprovence.fr\/blog\/wp-content\/uploads\/2026\/04\/Comprendre-le-role-du-comite-interprofessionnel-du-logement-et-ses-actions-2.jpg\" alt=\"d\u00e9couvrez le r\u00f4le essentiel du comit\u00e9 interprofessionnel du logement et ses actions cl\u00e9s pour am\u00e9liorer l&#039;acc\u00e8s et la qualit\u00e9 du logement.\" class=\"wp-image-101\" srcset=\"https:\/\/www.villasdeprovence.fr\/blog\/wp-content\/uploads\/2026\/04\/Comprendre-le-role-du-comite-interprofessionnel-du-logement-et-ses-actions-2.jpg 1344w, https:\/\/www.villasdeprovence.fr\/blog\/wp-content\/uploads\/2026\/04\/Comprendre-le-role-du-comite-interprofessionnel-du-logement-et-ses-actions-2-300x171.jpg 300w, https:\/\/www.villasdeprovence.fr\/blog\/wp-content\/uploads\/2026\/04\/Comprendre-le-role-du-comite-interprofessionnel-du-logement-et-ses-actions-2-1024x585.jpg 1024w, https:\/\/www.villasdeprovence.fr\/blog\/wp-content\/uploads\/2026\/04\/Comprendre-le-role-du-comite-interprofessionnel-du-logement-et-ses-actions-2-768x439.jpg 768w\" sizes=\"auto, (max-width: 1344px) 100vw, 1344px\" \/><\/figure>\n\n<h2 class=\"wp-block-heading\">D\u00e9fis contemporains et perspectives : faire face \u00e0 la p\u00e9nurie et \u00e0 la transition \u00e9cologique<\/h2>\n\n<p>La d\u00e9cennie en cours expose le comit\u00e9 interprofessionnel du logement \u00e0 de nouveaux enjeux cruciaux. La p\u00e9nurie chronique de logements abordables dans les zones tendues impose une r\u00e9ponse rapide et innovante. Parall\u00e8lement, la n\u00e9cessit\u00e9 d\u2019adapter le parc immobilier aux normes \u00e9nerg\u00e9tiques et environnementales modifie profond\u00e9ment les exigences et les modes d\u2019intervention.<\/p>\n\n<p>Au-del\u00e0 des contraintes, ces d\u00e9fis ouvrent des voies vers une transformation ambitieuse. Action Logement investit dans des projets de r\u00e9novation \u00e9nerg\u00e9tique destin\u00e9s \u00e0 r\u00e9duire l\u2019empreinte carbone des habitats sociaux tout en am\u00e9liorant leur confort. Cette double avanc\u00e9e \u00e9cologique et sociale doit permettre une meilleure coh\u00e9rence avec les strat\u00e9gies nationales de d\u00e9veloppement durable. Le comit\u00e9 joue ici un r\u00f4le d\u2019interface, assurant que les financements, la coordination et les partenariats locaux favorisent la r\u00e9ussite de ces projets.<\/p>\n\n<p>Un autre aspect concerne l\u2019\u00e9volution des modes de travail. La mont\u00e9e en puissance du t\u00e9l\u00e9travail et l\u2019augmentation de la mobilit\u00e9 professionnelle n\u00e9cessitent des solutions de logement plus flexibles et modulables, susceptibles de s\u2019adapter aux changements de situation des salari\u00e9s.<\/p>\n\n<p>Les orientations futures incluent :<\/p>\n\n<ol class=\"wp-block-list\"><li><strong>D\u00e9veloppement des logements modulaires et flexibles,<\/strong> adapt\u00e9s aux diff\u00e9rentes dur\u00e9es de s\u00e9jour et profils.<\/li><li><strong>Intensification de la r\u00e9novation \u00e9nerg\u00e9tique,<\/strong> pour r\u00e9pondre aux exigences environnementales tout en r\u00e9duisant les charges des occupants.<\/li><li><strong>Renforcement des partenariats avec les collectivit\u00e9s locales,<\/strong> afin d\u2019optimiser les ressources et adapter les projets aux besoins territoriaux sp\u00e9cifiques.<\/li><li><strong>Emploi accru des technologies num\u00e9riques,<\/strong> simplifiant l\u2019acc\u00e8s aux aides et la gestion des dossiers.<\/li><\/ol>\n\n<p>Maintenir la gouvernance paritaire reste toutefois indispensable pour assurer un \u00e9quilibre dans la mise en \u0153uvre des actions, et permettre une r\u00e9ponse coh\u00e9rente aux besoins divers des salari\u00e9s. Cette responsabilit\u00e9 partag\u00e9e aidera \u00e0 naviguer entre contraintes \u00e9conomiques, sociales et environnementales dans les ann\u00e9es \u00e0 venir.<\/p>\n\n<figure class=\"is-provider-youtube is-type-video wp-block-embed wp-block-embed-youtube wp-embed-aspect-16-9 wp-has-aspect-ratio\"><div class=\"wp-block-embed__wrapper\">\n<iframe loading=\"lazy\" title=\"Comprendre la copropri\u00e9t\u00e9 : r\u00e8gles, r\u00f4le du syndic et pouvoir des copropri\u00e9taires\" width=\"500\" height=\"281\" src=\"https:\/\/www.youtube.com\/embed\/FZ1oXIIyjo8?feature=oembed\" frameborder=\"0\" allow=\"accelerometer; autoplay; clipboard-write; encrypted-media; gyroscope; picture-in-picture; web-share\" referrerpolicy=\"strict-origin-when-cross-origin\" allowfullscreen><\/iframe>\n<\/div><\/figure>\n\n<h2 class=\"wp-block-heading\">Le comit\u00e9 interprofessionnel du logement : un levier strat\u00e9gique pour l\u2019am\u00e9lioration des conditions de logement<\/h2>\n\n<p>Au-del\u00e0 d\u2019un simple organisme de collecte, le comit\u00e9 interprofessionnel du logement constitue un v\u00e9ritable levier essentiel de la politique sociale et immobili\u00e8re fran\u00e7aise. Par son action coordonn\u00e9e entre employeurs, salari\u00e9s et acteurs publics, il contribue \u00e0 la <strong>stabilit\u00e9 sociale<\/strong> et \u00e0 la promotion d\u2019un habitat accessible et digne.<\/p>\n\n<p>Sa capacit\u00e9 \u00e0 f\u00e9d\u00e9rer ressources, comp\u00e9tences et volont\u00e9s politiques favorise une dynamique de progr\u00e8s tangible dans plusieurs domaines cl\u00e9s :<\/p>\n\n<ul class=\"wp-block-list\"><li><strong>Am\u00e9lioration des conditions de logement :<\/strong> par des aides financi\u00e8res et un accompagnement personnalis\u00e9 qui all\u00e8gent les obstacles mat\u00e9riels et administratifs rencontr\u00e9s par les salari\u00e9s.<\/li><li><strong>Soutien aux locataires fragiles :<\/strong> gr\u00e2ce aux dispositifs de cautionnement et aux pr\u00eats facilitant l\u2019acc\u00e8s \u00e0 la location dans les zones urbaines tendues.<\/li><li><strong>Coordination efficiente :<\/strong> entre acteurs publics et priv\u00e9s pour une meilleure adaptation des politiques du logement en fonction des r\u00e9alit\u00e9s territoriales.<\/li><li><strong>Conduite d\u2019actions innovantes :<\/strong> dans le domaine de la r\u00e9novation \u00e9nerg\u00e9tique et de la flexibilit\u00e9 des logements, essentielles pour r\u00e9pondre aux nouveaux d\u00e9fis sociaux et environnementaux.<\/li><\/ul>\n\n<p>Cette dynamique entre en r\u00e9sonance directe avec l\u2019objectif national d\u2019adresser la crise du logement tout en am\u00e9liorant la qualit\u00e9 de vie des salari\u00e9s. En ce sens, le comit\u00e9 interprofessionnel demeure un acteur central dans l\u2019engagement collectif visant \u00e0 garantir des conditions de logement dignes et p\u00e9rennes. Pour une analyse compl\u00e8te des atouts et des dispositifs propos\u00e9s, vous pouvez consulter des articles approfondis sur <a href=\"https:\/\/resilogis.com\/immobilier-logement\/comite-interprofessionnel-logement-cil\/\" rel=\"nofollow\">les avantages du comit\u00e9 interprofessionnel du logement<\/a> et leur impact.<\/p>\n\n","protected":false},"excerpt":{"rendered":"<p>Dans un contexte o\u00f9 l&rsquo;acc\u00e8s au logement demeure un enjeu majeur pour les millions de salari\u00e9s fran\u00e7ais, le Comit\u00e9 Interprofessionnel [&hellip;]<\/p>\n","protected":false},"author":1,"featured_media":99,"comment_status":"open","ping_status":"open","sticky":false,"template":"","format":"standard","meta":{"site-sidebar-layout":"default","site-content-layout":"","ast-site-content-layout":"default","site-content-style":"default","site-sidebar-style":"default","ast-global-header-display":"","ast-banner-title-visibility":"","ast-main-header-display":"","ast-hfb-above-header-display":"","ast-hfb-below-header-display":"","ast-hfb-mobile-header-display":"","site-post-title":"","ast-breadcrumbs-content":"","ast-featured-img":"","footer-sml-layout":"","ast-disable-related-posts":"","theme-transparent-header-meta":"","adv-header-id-meta":"","stick-header-meta":"","header-above-stick-meta":"","header-main-stick-meta":"","header-below-stick-meta":"","astra-migrate-meta-layouts":"default","ast-page-background-enabled":"default","ast-page-background-meta":{"desktop":{"background-color":"var(--ast-global-color-5)","background-image":"","background-repeat":"repeat","background-position":"center center","background-size":"auto","background-attachment":"scroll","background-type":"","background-media":"","overlay-type":"","overlay-color":"","overlay-opacity":"","overlay-gradient":""},"tablet":{"background-color":"","background-image":"","background-repeat":"repeat","background-position":"center center","background-size":"auto","background-attachment":"scroll","background-type":"","background-media":"","overlay-type":"","overlay-color":"","overlay-opacity":"","overlay-gradient":""},"mobile":{"background-color":"","background-image":"","background-repeat":"repeat","background-position":"center center","background-size":"auto","background-attachment":"scroll","background-type":"","background-media":"","overlay-type":"","overlay-color":"","overlay-opacity":"","overlay-gradient":""}},"ast-content-background-meta":{"desktop":{"background-color":"var(--ast-global-color-4)","background-image":"","background-repeat":"repeat","background-position":"center center","background-size":"auto","background-attachment":"scroll","background-type":"","background-media":"","overlay-type":"","overlay-color":"","overlay-opacity":"","overlay-gradient":""},"tablet":{"background-color":"var(--ast-global-color-4)","background-image":"","background-repeat":"repeat","background-position":"center center","background-size":"auto","background-attachment":"scroll","background-type":"","background-media":"","overlay-type":"","overlay-color":"","overlay-opacity":"","overlay-gradient":""},"mobile":{"background-color":"var(--ast-global-color-4)","background-image":"","background-repeat":"repeat","background-position":"center center","background-size":"auto","background-attachment":"scroll","background-type":"","background-media":"","overlay-type":"","overlay-color":"","overlay-opacity":"","overlay-gradient":""}},"footnotes":""},"categories":[5],"tags":[112,110,114,113,111],"class_list":["post-102","post","type-post","status-publish","format-standard","has-post-thumbnail","hentry","category-conseils-guide-de-location","tag-actions-du-comite-interprofessionnel","tag-comite-interprofessionnel-du-logement","tag-fonctionnement-du-comite-logement","tag-logement-interprofessionnel","tag-role-du-comite-interprofessionnel"],"_links":{"self":[{"href":"https:\/\/www.villasdeprovence.fr\/blog\/wp-json\/wp\/v2\/posts\/102","targetHints":{"allow":["GET"]}}],"collection":[{"href":"https:\/\/www.villasdeprovence.fr\/blog\/wp-json\/wp\/v2\/posts"}],"about":[{"href":"https:\/\/www.villasdeprovence.fr\/blog\/wp-json\/wp\/v2\/types\/post"}],"author":[{"embeddable":true,"href":"https:\/\/www.villasdeprovence.fr\/blog\/wp-json\/wp\/v2\/users\/1"}],"replies":[{"embeddable":true,"href":"https:\/\/www.villasdeprovence.fr\/blog\/wp-json\/wp\/v2\/comments?post=102"}],"version-history":[{"count":0,"href":"https:\/\/www.villasdeprovence.fr\/blog\/wp-json\/wp\/v2\/posts\/102\/revisions"}],"wp:featuredmedia":[{"embeddable":true,"href":"https:\/\/www.villasdeprovence.fr\/blog\/wp-json\/wp\/v2\/media\/99"}],"wp:attachment":[{"href":"https:\/\/www.villasdeprovence.fr\/blog\/wp-json\/wp\/v2\/media?parent=102"}],"wp:term":[{"taxonomy":"category","embeddable":true,"href":"https:\/\/www.villasdeprovence.fr\/blog\/wp-json\/wp\/v2\/categories?post=102"},{"taxonomy":"post_tag","embeddable":true,"href":"https:\/\/www.villasdeprovence.fr\/blog\/wp-json\/wp\/v2\/tags?post=102"}],"curies":[{"name":"wp","href":"https:\/\/api.w.org\/{rel}","templated":true}]}}