{"id":126,"date":"2026-04-24T07:50:13","date_gmt":"2026-04-24T07:50:13","guid":{"rendered":"https:\/\/www.villasdeprovence.fr\/blog\/2026\/04\/24\/logement-social-a-lyon-les-solutions-pour-2026\/"},"modified":"2026-04-24T07:50:13","modified_gmt":"2026-04-24T07:50:13","slug":"logement-social-a-lyon-les-solutions-pour-2026","status":"publish","type":"post","link":"https:\/\/www.villasdeprovence.fr\/blog\/2026\/04\/24\/logement-social-a-lyon-les-solutions-pour-2026\/","title":{"rendered":"Logement social \u00e0 lyon : les solutions pour 2026"},"content":{"rendered":"<p>Face \u00e0 une crise du logement qui p\u00e8se sur la m\u00e9tropole lyonnaise, la Ville de Lyon maintient fermement son cap pour 2026 en mati\u00e8re de logement social. Malgr\u00e9 un contexte \u00e9conomique tendu et un ralentissement apparent de la construction, la municipalit\u00e9 intensifie ses efforts financiers et strat\u00e9giques pour r\u00e9pondre \u00e0 la demande croissante de <strong>logements accessibles<\/strong>. Une enveloppe sup\u00e9rieure \u00e0 7 millions d&rsquo;euros vient d\u2019\u00eatre vot\u00e9e afin de soutenir de mani\u00e8re concr\u00e8te la production et la r\u00e9novation de logements sociaux sur le territoire. Cette volont\u00e9 s\u2019inscrit dans une d\u00e9marche globale de mixit\u00e9 sociale et d\u2019urbanisme durable, visant non seulement \u00e0 installer les populations dans un habitat de qualit\u00e9, mais aussi \u00e0 restructurer certains quartiers embl\u00e9matiques, comme la Cit\u00e9 Jardin.<\/p>\n\n<p>Au c\u0153ur des d\u00e9cisions r\u00e9centes, on retrouve l\u2019incontournable objectif fix\u00e9 par la loi Solidarit\u00e9 et Renouvellement urbains (SRU) : atteindre un seuil de 25 % de logements locatifs sociaux. Lyon, qui affichait 24,37 % au d\u00e9but de 2024, s\u2019efforce d\u00e9sormais d\u2019aller au-del\u00e0 de ce seuil, consolidant ainsi une dynamique favorisant tant la diversit\u00e9 sociale que la stabilit\u00e9 \u00e9conomique des m\u00e9nages les plus modestes. La situation est d\u2019autant plus cruciale que la m\u00e9tropole doit composer avec des co\u00fbts de construction en hausse, un ph\u00e9nom\u00e8ne que les aides \u00e9tendues tentent de contrecarrer afin d\u2019\u00e9viter le blocage des projets essentiels.<\/p>\n\n<p>\u00c0 la crois\u00e9e de la production neuve, des r\u00e9novations ambitieuses, et de dispositifs d\u2019accession sociale innovants, les solutions d\u00e9ploy\u00e9es \u00e0 Lyon illustrent une politique publique proactive. Collectivit\u00e9s, bailleurs sociaux, et habitants collaborent \u00e9troitement au renouveau du paysage urbain, ce qui t\u00e9moigne d\u2019un engagement durable. Ce panorama pose les bases du logement social \u00e0 Lyon en 2026, aux c\u00f4t\u00e9s d\u2019autres leviers comme l\u2019encadrement des loyers et la responsabilisation des propri\u00e9taires.<\/p>\n\n<p>Pour enrichir cette perspective, nous aborderons successivement la mise en \u0153uvre de la strat\u00e9gie municipale, le panorama des aides et subventions, les projets phares en cours, les d\u00e9fis \u00e0 venir li\u00e9s \u00e0 la qualit\u00e9 de l\u2019habitat, et enfin les dispositifs innovants qui accompagnent l\u2019accession \u00e0 un logement abordable dans un contexte m\u00e9tropolitain dynamique.<\/p>\n\n<p><strong>En bref :<\/strong><\/p>\n\n<ul class=\"wp-block-list\"><li>La Ville de Lyon consacre plus de 7 millions d\u2019euros en 2026 pour acc\u00e9l\u00e9rer la production de logements sociaux.<\/li><li>L\u2019objectif l\u00e9gal des 25 % de logements sociaux est presque atteint, avec 24,37 % en 2024.<\/li><li>La strat\u00e9gie combine construction neuve, r\u00e9novation et adaptation financi\u00e8re face \u00e0 la hausse des co\u00fbts.<\/li><li>La transformation de quartiers comme la Cit\u00e9 Jardin illustre l\u2019engagement participatif de la municipalit\u00e9.<\/li><li>Des dispositifs innovants, tels que le bail r\u00e9el solidaire, facilitent l\u2019acc\u00e8s \u00e0 la propri\u00e9t\u00e9 \u00e0 prix abordables.<\/li><\/ul>\n\n<h2 class=\"wp-block-heading\">Strat\u00e9gie municipale pour booster le logement social \u00e0 Lyon en 2026<\/h2>\n\n<p>La politique du logement social \u00e0 Lyon s\u2019articule en 2026 autour d\u2019une volont\u00e9 claire de soutenir massivement la production tout en garantissant la p\u00e9rennit\u00e9 des projets. Le Conseil municipal, lors de la s\u00e9ance du 22 janvier, a officialis\u00e9 un plan d\u2019aide \u00e0 la pierre d\u00e9passant les 7 millions d\u2019euros, un levier indispensable face aux enjeux \u00e9conomiques contemporains. Cette enveloppe vise \u00e0 accompagner la construction neuve ainsi que les op\u00e9rations d\u2019acquisition-am\u00e9lioration, secteur particuli\u00e8rement impact\u00e9 par l\u2019\u00e9volution sensible des co\u00fbts des travaux. <\/p>\n\n<p>Lyon s\u2019appuie notamment sur le cadre l\u00e9gal de l\u2019article 55 de la loi SRU (Solidarit\u00e9 et Renouvellement urbains), qui encourage la production de logements sociaux \u00e0 hauteur de 25 % du parc locatif priv\u00e9. Si le taux s\u2019\u00e9levait \u00e0 24,37 % d\u00e9but 2024, la ville s\u2019engage d\u00e9sormais \u00e0 franchir durablement ce palier, gr\u00e2ce \u00e0 une s\u00e9rie d\u2019actions coordonn\u00e9es. Cet engagement suppose de mobiliser plusieurs acteurs, parmi lesquels la M\u00e9tropole, l\u2019\u00c9tat et les bailleurs sociaux. <\/p>\n\n<p>Il est essentiel de souligner que cette dynamique s\u2019accompagne d\u2019une attention port\u00e9e \u00e0 la diversit\u00e9 des logements propos\u00e9s. En 2025, pas moins de 1 829 logements sociaux ont \u00e9t\u00e9 autoris\u00e9s sur le territoire, r\u00e9partis entre les dispositifs Plai, PLUS et PLS, chacun r\u00e9pondant \u00e0 un profil sp\u00e9cifique de m\u00e9nages et de besoins financiers. Cette approche plurielle permet de mieux ajuster l&rsquo;offre aux r\u00e9alit\u00e9s du march\u00e9 local.<\/p>\n\n<p>Les op\u00e9rations d\u2019acquisition-am\u00e9lioration occupent une place cl\u00e9 dans la strat\u00e9gie, car elles permettent d\u2019offrir des logements r\u00e9nov\u00e9s, souvent dans des quartiers historiquement d\u00e9laiss\u00e9s, redonnant vie au b\u00e2ti ancien. La Ville de Lyon veut ainsi \u00e9quilibrer la cr\u00e9ation de nouveaux logements avec la valorisation de l\u2019existant, tout en s\u00e9curisant financi\u00e8rement les projets face \u00e0 l\u2019impact de la hausse des prix des mat\u00e9riaux et des travaux. <\/p>\n\n<p>Un autre axe strat\u00e9gique majeur concerne la transformation urbaine de quartiers embl\u00e9matiques, \u00e0 l\u2019image du projet autour de la Cit\u00e9 Jardin. Cette op\u00e9ration de grande ampleur s\u2019appuie sur une collaboration \u00e9troite avec les habitants, soucieux d\u2019\u00eatre partie prenante des \u00e9volutions de leur cadre de vie. Lyon mise ici sur une gouvernance citoyenne renforc\u00e9e afin de garantir l\u2019adh\u00e9sion et la r\u00e9ussite durable de ses projets d\u2019urbanisme.<\/p>\n\n<p>Dans ce contexte, la Ville a aussi revu ses normes en mati\u00e8re d\u2019urbanisme et d\u2019habitat, en mettant en avant la construction durable et les exigences environnementales, conform\u00e9ment \u00e0 la charte adopt\u00e9e en 2021. Ces r\u00e8gles imposent d\u00e9sormais des logements adapt\u00e9s aux effets climatiques, o\u00f9 confort thermique et espaces verts sont valoris\u00e9s, contribuant ainsi \u00e0 un habitat plus sain et r\u00e9silient.<\/p>\n\n<p>Pour approfondir la compr\u00e9hension de ces mesures, on peut consulter <a href=\"https:\/\/www.lyoncapitale.fr\/actualite\/metropolitaines-2026-encadrement-des-loyers-ou-et-comment-construire-plus-le-grand-debat-sur-le-logement\">le grand d\u00e9bat sur le logement lanc\u00e9 par Lyon Capitale<\/a>, une source pr\u00e9cieuse pour d\u00e9crypter les enjeux locaux. Cette campagne refl\u00e8te le mouvement d\u2019ensemble qui accompagne la politique municipale.<\/p>\n\n<figure class=\"wp-block-image size-full\"><img loading=\"lazy\" decoding=\"async\" width=\"1344\" height=\"768\" src=\"https:\/\/www.villasdeprovence.fr\/blog\/wp-content\/uploads\/2026\/04\/Logement-social-a-lyon-les-solutions-pour-2026-1.jpg\" alt=\"d\u00e9couvrez les solutions de logement social \u00e0 lyon pour 2026 et pr\u00e9parez votre projet immobilier gr\u00e2ce \u00e0 nos conseils et actualit\u00e9s.\" class=\"wp-image-124\" srcset=\"https:\/\/www.villasdeprovence.fr\/blog\/wp-content\/uploads\/2026\/04\/Logement-social-a-lyon-les-solutions-pour-2026-1.jpg 1344w, https:\/\/www.villasdeprovence.fr\/blog\/wp-content\/uploads\/2026\/04\/Logement-social-a-lyon-les-solutions-pour-2026-1-300x171.jpg 300w, https:\/\/www.villasdeprovence.fr\/blog\/wp-content\/uploads\/2026\/04\/Logement-social-a-lyon-les-solutions-pour-2026-1-1024x585.jpg 1024w, https:\/\/www.villasdeprovence.fr\/blog\/wp-content\/uploads\/2026\/04\/Logement-social-a-lyon-les-solutions-pour-2026-1-768x439.jpg 768w\" sizes=\"auto, (max-width: 1344px) 100vw, 1344px\" \/><\/figure>\n\n<h2 class=\"wp-block-heading\">Les m\u00e9canismes financiers et aides au logement soutenant l\u2019habitat abordable<\/h2>\n\n<p>La question du financement est cruciale pour garantir la r\u00e9alisation effective des projets de logement social \u00e0 Lyon. En 2026, la municipalit\u00e9 a d\u00e9cid\u00e9 de renforcer les subventions \u00e0 destination des bailleurs sociaux, avec des montants pouvant doubler, voire tripler, selon les op\u00e9rations. Ces soutiens participent \u00e0 la stabilit\u00e9 de la cha\u00eene de production, essentielle face aux pressions inflationnistes du secteur du b\u00e2timent. <\/p>\n\n<p>Concr\u00e8tement, les aides peuvent atteindre 300 \u20ac\/m\u00b2 pour la construction de logements sociaux, tandis que pour des op\u00e9rations de sur\u00e9l\u00e9vation, les subventions montent \u00e0 500 \u20ac\/m\u00b2, contre 100 \u20ac\/m\u00b2 auparavant. Cette incitation encourage la densification verticale, un outil cl\u00e9 pour maximiser l\u2019espace en milieu urbain dense. <\/p>\n\n<p>En parall\u00e8le, un volet particulier s\u2019adresse \u00e0 l\u2019adaptation des logements pour les personnes \u00e0 mobilit\u00e9 r\u00e9duite, avec une aide forfaitaire de 2 000 \u20ac par logement. Cette mesure illustre la volont\u00e9 de la ville d\u2019int\u00e9grer pleinement la dimension sociale dans ses politiques publiques, renfor\u00e7ant l\u2019accessibilit\u00e9 et l\u2019inclusion sociale dans l\u2019habitat. <\/p>\n\n<p>Pour mieux comprendre ces dispositifs et d\u00e9poser une demande, <a href=\"https:\/\/www.actionlogement.fr\/le-logement-social\">les plateformes d\u00e9di\u00e9es<\/a> \u00e0 l\u2019aide au logement social restent des r\u00e9f\u00e9rences incontournables pour les locataires et les bailleurs. Elles permettent une d\u00e9marche simplifi\u00e9e et une mise en relation rapide avec les offres existantes.<\/p>\n\n<p>L\u2019ensemble des mesures financi\u00e8res a pour ambition de stabiliser l\u2019offre dans un march\u00e9 tendu, tout en augmentant la production de logements abordables, facteur cl\u00e9 de la mixit\u00e9 sociale recherch\u00e9e par les pouvoirs publics. Cette approche globale m\u00eale incitation \u00e9conomique et r\u00e9gulation pour maintenir un \u00e9quilibre fragile mais n\u00e9cessaire. <\/p>\n\n<p>La politique lyonnaise prend \u00e9galement en compte l\u2019\u00e9volution des normes environnementales, ce qui engendre des co\u00fbts suppl\u00e9mentaires \u00e0 amortir. Pour cette raison, le soutien financier s\u2019accompagne d\u2019une d\u00e9marche pragmatique afin d\u2019\u00e9viter que ces contraintes ne freinent la mise en place des projets socialement prioritaires. <\/p>\n\n<p>Voici un tableau r\u00e9capitulatif des aides financi\u00e8res principales en 2026 :<\/p>\n\n<figure class=\"wp-block-table\"><table>\n<thead>\n<tr>\n<th>Type d\u2019aide<\/th>\n<th>Montant moyen par m\u00b2<\/th>\n<th>Objectif<\/th>\n<th>B\u00e9n\u00e9ficiaires<\/th>\n<\/tr>\n<\/thead>\n<tbody>\n<tr>\n<td>Construction neuve logement social<\/td>\n<td>300 \u20ac<\/td>\n<td>Favoriser la production de logements abordables<\/td>\n<td>Bailleurs sociaux, promoteurs<\/td>\n<\/tr>\n<tr>\n<td>Sur\u00e9l\u00e9vation d\u2019immeuble<\/td>\n<td>500 \u20ac<\/td>\n<td>Densifier l\u2019habitat urbain<\/td>\n<td>Propri\u00e9taires, bailleurs<\/td>\n<\/tr>\n<tr>\n<td>Adaptation aux PMR<\/td>\n<td>2 000 \u20ac par logement<\/td>\n<td>Accessibilit\u00e9 et inclusion sociale<\/td>\n<td>Propri\u00e9taires, gestionnaires<\/td>\n<\/tr>\n<\/tbody>\n<\/table><\/figure>\n\n<figure class=\"is-provider-youtube is-type-video wp-block-embed wp-block-embed-youtube wp-embed-aspect-16-9 wp-has-aspect-ratio\"><div class=\"wp-block-embed__wrapper\">\n<iframe loading=\"lazy\" title=\"BUDGET 2026 : LE GOUVERNEMENT TAILLE DANS LE LOGEMENT SOCIAL\" width=\"500\" height=\"281\" src=\"https:\/\/www.youtube.com\/embed\/OoltzBI-qZw?feature=oembed\" frameborder=\"0\" allow=\"accelerometer; autoplay; clipboard-write; encrypted-media; gyroscope; picture-in-picture; web-share\" referrerpolicy=\"strict-origin-when-cross-origin\" allowfullscreen><\/iframe>\n<\/div><\/figure>\n\n<h2 class=\"wp-block-heading\">Projets structurants et transformation urbaine pour un habitat durable<\/h2>\n\n<p>La m\u00e9tropole lyonnaise ne se limite pas \u00e0 la construction de logements neufs. La revitalisation urbaine joue un r\u00f4le tout aussi d\u00e9terminant dans sa politique d\u2019habitat abordable. Le projet embl\u00e9matique de la transformation de la Cit\u00e9 Jardin illustre parfaitement cette vision int\u00e9gr\u00e9e, m\u00ealant r\u00e9novation, participation citoyenne et partenaires institutionnels. <\/p>\n\n<p>Transmettre la ma\u00eetrise d\u2019ouvrage \u00e0 plusieurs entit\u00e9s telles que la M\u00e9tropole de Lyon, l\u2019\u00c9tat et les bailleurs sociaux permet d\u2019asseoir des garanties solides au maintien des engagements, mais aussi d\u2019\u00e9largir la palette des r\u00e9ponses apport\u00e9es aux habitants. Cette coh\u00e9sion d\u2019acteurs favorise un dialogue convivial et constructif avec la population, qui participe activement \u00e0 chaque \u00e9tape du projet. <\/p>\n\n<p>L\u2019approche privil\u00e9gie le respect des sp\u00e9cificit\u00e9s locales et la cr\u00e9ation d\u2019espaces communautaires renforc\u00e9s, favorisant le vivre-ensemble. Dans le m\u00eame temps, la prise en compte des exigences en mati\u00e8re de construction durable s\u2019inscrit dans le prolongement de la Charte de qualit\u00e9 urbaine et architecturale adopt\u00e9e en 2021, qui impose notamment des logements \u00e9conomes en \u00e9nergie, adapt\u00e9s aux oscillations climatiques et dot\u00e9s d\u2019espaces verts renforc\u00e9s. <\/p>\n\n<p>Cette d\u00e9marche positionne Lyon comme un territoire innovant dans la gestion des enjeux du logement social, en combinant d\u00e9fis environnementaux et besoins sociaux. La r\u00e9ussite des projets structurants valorisent \u00e9galement l\u2019image de la m\u00e9tropole, en d\u00e9montrant sa capacit\u00e9 \u00e0 allier modernit\u00e9 et inclusion.<\/p>\n\n<p>Par ailleurs, dans d\u2019autres quartiers, des op\u00e9rations d\u2019acquisition-am\u00e9lioration participent \u00e0 la dynamisation du parc existant. Elles permettent d\u2019\u00e9viter la vacance des logements tout en offrant des habitations conformes aux normes actuelles, au b\u00e9n\u00e9fice de populations souvent en grande pr\u00e9carit\u00e9.<\/p>\n\n<figure class=\"wp-block-image size-full\"><img loading=\"lazy\" decoding=\"async\" width=\"1344\" height=\"768\" src=\"https:\/\/www.villasdeprovence.fr\/blog\/wp-content\/uploads\/2026\/04\/Logement-social-a-lyon-les-solutions-pour-2026-2.jpg\" alt=\"d\u00e9couvrez les solutions de logement social \u00e0 lyon pr\u00e9vues pour 2026 afin d&#039;am\u00e9liorer l&#039;acc\u00e8s au logement pour tous.\" class=\"wp-image-125\" srcset=\"https:\/\/www.villasdeprovence.fr\/blog\/wp-content\/uploads\/2026\/04\/Logement-social-a-lyon-les-solutions-pour-2026-2.jpg 1344w, https:\/\/www.villasdeprovence.fr\/blog\/wp-content\/uploads\/2026\/04\/Logement-social-a-lyon-les-solutions-pour-2026-2-300x171.jpg 300w, https:\/\/www.villasdeprovence.fr\/blog\/wp-content\/uploads\/2026\/04\/Logement-social-a-lyon-les-solutions-pour-2026-2-1024x585.jpg 1024w, https:\/\/www.villasdeprovence.fr\/blog\/wp-content\/uploads\/2026\/04\/Logement-social-a-lyon-les-solutions-pour-2026-2-768x439.jpg 768w\" sizes=\"auto, (max-width: 1344px) 100vw, 1344px\" \/><\/figure>\n\n<h2 class=\"wp-block-heading\">Qualit\u00e9 de l\u2019habitat et r\u00e9novation thermique dans le cadre du logement social \u00e0 Lyon<\/h2>\n\n<p>Au-del\u00e0 de la simple augmentation quantitative de logements sociaux, Lyon oriente de plus en plus sa politique vers la qualit\u00e9 et la p\u00e9rennit\u00e9 du b\u00e2ti. La pr\u00e9occupation englobe d\u00e9sormais la r\u00e9novation thermique et la lutte contre l\u2019indignit\u00e9 des logements, afin d\u2019offrir un cadre de vie digne \u00e0 tous les habitants. <\/p>\n\n<p>La Ville fait appliquer des injonctions aux propri\u00e9taires de logements indignes, garantissant ainsi une am\u00e9lioration progressive du parc. Par ailleurs, une convention sign\u00e9e avec la Caisse d\u2019allocations familiales permet de consigner directement les aides au logement vers\u00e9es, \u00e9vitant ainsi des d\u00e9tournements et assurant une mont\u00e9e en qualit\u00e9 de l\u2019habitat social.<\/p>\n\n<p>Sur le plan \u00e9nerg\u00e9tique, la M\u00e9tropole de Lyon propose la prime \u00c9coreno\u2019v, qui s\u00e9duit de plus en plus les propri\u00e9taires priv\u00e9s. En 2023, ce sont environ 1 700 propri\u00e9taires qui en ont b\u00e9n\u00e9fici\u00e9, un chiffre doublant les r\u00e9sultats cumul\u00e9s des deux ann\u00e9es pr\u00e9c\u00e9dentes. Cette dynamique contribue significativement \u00e0 l\u2019objectif de construction durable et \u00e0 la r\u00e9duction des charges \u00e9nerg\u00e9tiques pour les m\u00e9nages modestes.<\/p>\n\n<p>Les exigences de la Charte de qualit\u00e9 urbaine contribuent aussi \u00e0 imposer des logements adapt\u00e9s aux variations climatiques, offrant un confort renforc\u00e9 en hiver comme en \u00e9t\u00e9. Ces mesures contribueront \u00e0 am\u00e9liorer la qualit\u00e9 de vie, tout en r\u00e9duisant l\u2019impact environnemental, une pr\u00e9occupation majeure dans le contexte actuel.<\/p>\n\n<p>La liste des priorit\u00e9s sur la qualit\u00e9 de l\u2019habitat en 2026 :<\/p>\n\n<ul class=\"wp-block-list\"><li>Am\u00e9lioration thermique par des r\u00e9novations efficaces et subventionn\u00e9es.<\/li><li>\u00c9radication progressive des logements indignes via des injonctions r\u00e9glementaires.<\/li><li>Veille et contr\u00f4le sur l\u2019utilisation des aides au logement pour garantir leur impact social r\u00e9el.<\/li><li>Int\u00e9gration des normes de construction durable dans les projets neufs et r\u00e9nov\u00e9s.<\/li><li>D\u00e9veloppement d\u2019espaces verts et d\u2019am\u00e9nagements urbains favorisant le bien-\u00eatre.<\/li><\/ul>\n\n<figure class=\"is-provider-youtube is-type-video wp-block-embed wp-block-embed-youtube wp-embed-aspect-16-9 wp-has-aspect-ratio\"><div class=\"wp-block-embed__wrapper\">\n<iframe loading=\"lazy\" title=\"Logement: Habitat et Humanisme veut agir! (Lyon)\" width=\"500\" height=\"375\" src=\"https:\/\/www.youtube.com\/embed\/eLe_tFgRe8s?feature=oembed\" frameborder=\"0\" allow=\"accelerometer; autoplay; clipboard-write; encrypted-media; gyroscope; picture-in-picture; web-share\" referrerpolicy=\"strict-origin-when-cross-origin\" allowfullscreen><\/iframe>\n<\/div><\/figure>\n\n<h2 class=\"wp-block-heading\">Dispositifs innovants et perspectives pour l\u2019accession sociale \u00e0 Lyon<\/h2>\n\n<p>Le logement social \u00e0 Lyon ne se limite plus \u00e0 la simple location. Pour r\u00e9pondre aux besoins croissants d\u2019accession sociale \u00e0 la propri\u00e9t\u00e9, la Ville et la M\u00e9tropole ont mis en place des dispositifs novateurs comme le bail r\u00e9el solidaire. Ce syst\u00e8me permet \u00e0 des m\u00e9nages aux revenus modestes d\u2019acc\u00e9der \u00e0 la propri\u00e9t\u00e9 \u00e0 des prix largement inf\u00e9rieurs \u00e0 ceux du march\u00e9, gr\u00e2ce \u00e0 la dissociation du terrain et du b\u00e2ti. La Fonci\u00e8re solidaire du Grand Lyon acquiert le terrain, et l\u2019acqu\u00e9reur ne paye que les murs, r\u00e9duisant ainsi significativement le co\u00fbt global.<\/p>\n\n<p>Pr\u00e8s de 800 logements en bail r\u00e9el solidaire sont d\u00e9j\u00e0 programm\u00e9s dans l\u2019agglom\u00e9ration, un chiffre r\u00e9v\u00e9lateur de l\u2019ambition en mati\u00e8re de diversification des solutions d\u2019habitat abordable. Cette innovation s\u2019inscrit parfaitement dans une volont\u00e9 plus large d\u2019encouragement \u00e0 la mixit\u00e9 sociale, en limitant les risques de ghetto\u00efsation urbaine.<\/p>\n\n<p>Par ailleurs, la m\u00e9tropole promeut \u00e9galement l\u2019encadrement des loyers dans certaines zones, mesure destin\u00e9e \u00e0 pr\u00e9server le parc locatif familial et \u00e0 assurer un \u00e9quilibre entre propri\u00e9taires et locataires. Cette politique s\u2019accompagne d\u2019une r\u00e9glementation plus stricte sur les meubl\u00e9s touristiques, qui participent \u00e0 la tension du march\u00e9 locatif en r\u00e9duisant l\u2019offre disponible aux r\u00e9sidents permanents.<\/p>\n\n<p>Pour les personnes \u00e2g\u00e9es ou en situation de pr\u00e9carit\u00e9, des initiatives telles que les foyers-logements compl\u00e8tent l\u2019offre d\u2019habitat social, apportant des solutions adapt\u00e9es et de qualit\u00e9 dans un cadre s\u00e9curis\u00e9. D\u2019autres formes d\u2019habitat solidaire contribuent aussi \u00e0 renforcer la coh\u00e9sion sociale territoriale.<\/p>\n\n<p>L\u2019ensemble de ces mesures d\u00e9montre l\u2019engagement r\u00e9solu de Lyon \u00e0 diversifier son offre, \u00e0 travers la combinaison de construction, r\u00e9novation, aides et innovation sociale, afin d\u2019atteindre durablement ses objectifs de logement social et d\u2019habitat abordable. Pour ceux souhaitant approfondir les d\u00e9marches ou d\u00e9couvrir des solutions proches, des articles sp\u00e9cialis\u00e9s comme <a href=\"https:\/\/www.villasdeprovence.fr\/blog\/2026\/04\/23\/comment-trouver-un-logement-a-lyon-en-2026\/\">comment trouver un logement \u00e0 Lyon en 2026<\/a> offrent un guide pratique et actualis\u00e9 pour bien pr\u00e9parer son projet.<\/p>\n\n","protected":false},"excerpt":{"rendered":"<p>Face \u00e0 une crise du logement qui p\u00e8se sur la m\u00e9tropole lyonnaise, la Ville de Lyon maintient fermement son cap [&hellip;]<\/p>\n","protected":false},"author":1,"featured_media":123,"comment_status":"open","ping_status":"open","sticky":false,"template":"","format":"standard","meta":{"site-sidebar-layout":"default","site-content-layout":"","ast-site-content-layout":"default","site-content-style":"default","site-sidebar-style":"default","ast-global-header-display":"","ast-banner-title-visibility":"","ast-main-header-display":"","ast-hfb-above-header-display":"","ast-hfb-below-header-display":"","ast-hfb-mobile-header-display":"","site-post-title":"","ast-breadcrumbs-content":"","ast-featured-img":"","footer-sml-layout":"","ast-disable-related-posts":"","theme-transparent-header-meta":"","adv-header-id-meta":"","stick-header-meta":"","header-above-stick-meta":"","header-main-stick-meta":"","header-below-stick-meta":"","astra-migrate-meta-layouts":"default","ast-page-background-enabled":"default","ast-page-background-meta":{"desktop":{"background-color":"var(--ast-global-color-5)","background-image":"","background-repeat":"repeat","background-position":"center center","background-size":"auto","background-attachment":"scroll","background-type":"","background-media":"","overlay-type":"","overlay-color":"","overlay-opacity":"","overlay-gradient":""},"tablet":{"background-color":"","background-image":"","background-repeat":"repeat","background-position":"center center","background-size":"auto","background-attachment":"scroll","background-type":"","background-media":"","overlay-type":"","overlay-color":"","overlay-opacity":"","overlay-gradient":""},"mobile":{"background-color":"","background-image":"","background-repeat":"repeat","background-position":"center center","background-size":"auto","background-attachment":"scroll","background-type":"","background-media":"","overlay-type":"","overlay-color":"","overlay-opacity":"","overlay-gradient":""}},"ast-content-background-meta":{"desktop":{"background-color":"var(--ast-global-color-4)","background-image":"","background-repeat":"repeat","background-position":"center center","background-size":"auto","background-attachment":"scroll","background-type":"","background-media":"","overlay-type":"","overlay-color":"","overlay-opacity":"","overlay-gradient":""},"tablet":{"background-color":"var(--ast-global-color-4)","background-image":"","background-repeat":"repeat","background-position":"center center","background-size":"auto","background-attachment":"scroll","background-type":"","background-media":"","overlay-type":"","overlay-color":"","overlay-opacity":"","overlay-gradient":""},"mobile":{"background-color":"var(--ast-global-color-4)","background-image":"","background-repeat":"repeat","background-position":"center center","background-size":"auto","background-attachment":"scroll","background-type":"","background-media":"","overlay-type":"","overlay-color":"","overlay-opacity":"","overlay-gradient":""}},"footnotes":""},"categories":[5],"tags":[140,55,15,138,139],"class_list":["post-126","post","type-post","status-publish","format-standard","has-post-thumbnail","hentry","category-conseils-guide-de-location","tag-habitat-social","tag-logement-abordable","tag-logement-social","tag-lyon","tag-solutions-logement-2026"],"_links":{"self":[{"href":"https:\/\/www.villasdeprovence.fr\/blog\/wp-json\/wp\/v2\/posts\/126","targetHints":{"allow":["GET"]}}],"collection":[{"href":"https:\/\/www.villasdeprovence.fr\/blog\/wp-json\/wp\/v2\/posts"}],"about":[{"href":"https:\/\/www.villasdeprovence.fr\/blog\/wp-json\/wp\/v2\/types\/post"}],"author":[{"embeddable":true,"href":"https:\/\/www.villasdeprovence.fr\/blog\/wp-json\/wp\/v2\/users\/1"}],"replies":[{"embeddable":true,"href":"https:\/\/www.villasdeprovence.fr\/blog\/wp-json\/wp\/v2\/comments?post=126"}],"version-history":[{"count":0,"href":"https:\/\/www.villasdeprovence.fr\/blog\/wp-json\/wp\/v2\/posts\/126\/revisions"}],"wp:featuredmedia":[{"embeddable":true,"href":"https:\/\/www.villasdeprovence.fr\/blog\/wp-json\/wp\/v2\/media\/123"}],"wp:attachment":[{"href":"https:\/\/www.villasdeprovence.fr\/blog\/wp-json\/wp\/v2\/media?parent=126"}],"wp:term":[{"taxonomy":"category","embeddable":true,"href":"https:\/\/www.villasdeprovence.fr\/blog\/wp-json\/wp\/v2\/categories?post=126"},{"taxonomy":"post_tag","embeddable":true,"href":"https:\/\/www.villasdeprovence.fr\/blog\/wp-json\/wp\/v2\/tags?post=126"}],"curies":[{"name":"wp","href":"https:\/\/api.w.org\/{rel}","templated":true}]}}