{"id":157,"date":"2026-04-28T07:26:01","date_gmt":"2026-04-28T07:26:01","guid":{"rendered":"https:\/\/www.villasdeprovence.fr\/blog\/2026\/04\/28\/logis-familial-varois-decouvrez-les-services-et-avantages-pour-les-habitants-du-var\/"},"modified":"2026-04-28T07:26:01","modified_gmt":"2026-04-28T07:26:01","slug":"logis-familial-varois-decouvrez-les-services-et-avantages-pour-les-habitants-du-var","status":"publish","type":"post","link":"https:\/\/www.villasdeprovence.fr\/blog\/2026\/04\/28\/logis-familial-varois-decouvrez-les-services-et-avantages-pour-les-habitants-du-var\/","title":{"rendered":"Logis familial varois : d\u00e9couvrez les services et avantages pour les habitants du var"},"content":{"rendered":"<p>Dans le d\u00e9partement du Var, le logis familial varois s&rsquo;impose comme une r\u00e9f\u00e9rence majeure en mati\u00e8re d&rsquo;habitat social. Depuis plusieurs d\u00e9cennies, cette structure \u0153uvre pour am\u00e9liorer la qualit\u00e9 de vie des habitants en leur offrant des logements adapt\u00e9s, confortables et accessibles. S&rsquo;appuyant sur une gestion rigoureuse et une collaboration \u00e9troite avec les collectivit\u00e9s locales, le logis familial varois r\u00e9pond aux besoins diversifi\u00e9s des familles, des seniors et des personnes en situation de pr\u00e9carit\u00e9. La multiplicit\u00e9 des services propos\u00e9s ainsi que les avantages sp\u00e9cifiques accord\u00e9s aux r\u00e9sidents t\u00e9moignent de sa volont\u00e9 d\u2019\u00eatre un acteur cl\u00e9 de la vie locale varoise.<\/p>\n\n<p>Le logis familial varois propose un large \u00e9ventail de solutions de logement social, allant des nouveaux logements neufs \u00e0 la r\u00e9habilitation d\u2019immeubles existants, sans oublier les aides \u00e0 l\u2019habitat personnalis\u00e9es. Ces initiatives participent \u00e0 la structuration d\u2019une v\u00e9ritable r\u00e9sidence familiale au c\u0153ur du Var, en conciliant confort, s\u00e9curit\u00e9 et proximit\u00e9. L\u2019engagement constant dans l\u2019am\u00e9lioration des services aux familles et l\u2019accompagnement individualis\u00e9 placent ce logis au centre des pr\u00e9occupations locales en mati\u00e8re d\u2019habitat.<\/p>\n\n<p>Cette dynamique est soutenue par une organisation professionnelle et humaine, \u00e0 travers des unit\u00e9s de gestion bas\u00e9es \u00e0 Hy\u00e8res et Fr\u00e9jus, qui assurent une gestion r\u00e9active et une interface directe avec les habitants et les \u00e9lus. La reconduction de labels tels que Habitat Senior Services confirme la volont\u00e9 d\u2019adapter les logements aux enjeux d\u00e9mographiques, notamment le vieillissement de la population. En somme, le logis familial varois repr\u00e9sente un levier fondamental pour le Var, garantissant \u00e0 ses habitants un cadre de vie harmonieux, socialement \u00e9quilibr\u00e9 et durable.<\/p>\n\n<p><strong>En bref :<\/strong><\/p>\n\n<ul class=\"wp-block-list\"><li>Le logis familial varois g\u00e8re plus de 6 365 logements sociaux r\u00e9partis sur 58 communes du Var et au-del\u00e0.<\/li><li>Il fait partie du groupe 1001 Vies Habitat, un acteur majeur dans le logement social en r\u00e9gion PACA.<\/li><li>Des unit\u00e9s de gestion sp\u00e9cifiques \u00e0 Hy\u00e8res et Fr\u00e9jus assurent un service de proximit\u00e9 efficace.<\/li><li>Le label Habitat Senior Services souligne son engagement envers les besoins des personnes \u00e2g\u00e9es.<\/li><li>Une charte qualit\u00e9 guide les relations avec les r\u00e9sidents pour garantir proximit\u00e9, professionnalisme et disponibilit\u00e9.<\/li><li>Les services propos\u00e9s comprennent le contr\u00f4le des \u00e9quipements, l\u2019entretien des espaces communs et un traitement rapide des r\u00e9clamations.<\/li><\/ul>\n\n<h2 class=\"wp-block-heading\">Les fondations du logis familial varois : un acteur majeur dans le logement social du Var<\/h2>\n\n<p>Cr\u00e9\u00e9 il y a plus de quatre d\u00e9cennies, le logis familial varois s\u2019est progressivement impos\u00e9 comme un pilier incontournable dans le paysage immobilier social de la r\u00e9gion Provence-Alpes-C\u00f4te d\u2019Azur. Implant\u00e9 dans le Var, ce bailleur social priv\u00e9 est le premier du d\u00e9partement en termes de patrimoine, avec plus de 6 300 logements r\u00e9partis sur 53 communes. Cette pr\u00e9sence locale dense lui permet d\u2019adapter ses offres aux demandes sp\u00e9cifiques des habitants, entre grandes agglom\u00e9rations et zones rurales.<\/p>\n\n<p>Cette structure appartient au groupe 1001 Vies Habitat, anciennement connu sous le nom de Groupe Logement Fran\u00e7ais, qui g\u00e8re plus de 85 000 logements \u00e0 l\u2019\u00e9chelle nationale, dont plus de 13 000 en r\u00e9gion PACA. Cette appartenance conf\u00e8re au logis familial varois une solidit\u00e9 et une capacit\u00e9 d\u2019action renforc\u00e9e, puisqu\u2019il b\u00e9n\u00e9ficie du soutien de ressources importantes, tant en termes de financement que d\u2019expertise.<\/p>\n\n<p>Le logis familial varois \u0153uvre ainsi pour offrir aux habitants un habitat accessible, durable et de qualit\u00e9, en privil\u00e9giant la mixit\u00e9 sociale et une politique fonci\u00e8re \u00e9quilibr\u00e9e. Son r\u00f4le d\u00e9passe la simple gestion de biens immobiliers : il est un acteur social incontournable, impliqu\u00e9 dans le d\u00e9veloppement harmonieux des quartiers, la coh\u00e9sion sociale et la pr\u00e9vention de l\u2019exclusion. Pour assurer une efficacit\u00e9 optimale, une strat\u00e9gie de gestion active des logements a \u00e9t\u00e9 mise en place, avec la cr\u00e9ation d\u2019unit\u00e9s d\u00e9di\u00e9es implant\u00e9es \u00e0 Hy\u00e8res et Fr\u00e9jus.<\/p>\n\n<p>Par ailleurs, le logis familial varois effectue une veille constante sur les besoins des habitants, notamment via des sondages annuels qui permettent d\u2019orienter ses actions. Le taux de satisfaction des locataires est un v\u00e9ritable indicateur de performance, avec plus de 80 % d\u2019avis positifs sur la qualit\u00e9 des services rendus. Ces retours alimentent les plans d\u2019am\u00e9lioration continue, renfor\u00e7ant ainsi la confiance des r\u00e9sidents et la p\u00e9rennit\u00e9 des relations.<\/p>\n\n<p>Cette responsabilit\u00e9 sociale s\u2019exprime \u00e9galement par la diversification des typologies de logements propos\u00e9s : du logement traditionnel locatif neuf aux r\u00e9habilitations soign\u00e9es de structures anciennes, en passant par des solutions personnalis\u00e9es pour les s\u00e9niors, gr\u00e2ce \u00e0 des partenariats avec des sp\u00e9cialistes de l\u2019habitat adapt\u00e9. Une telle adaptabilit\u00e9 illustre bien la vocation du logis familial varois \u00e0 r\u00e9pondre efficacement aux d\u00e9fis du logement social dans le Var et plus largement en r\u00e9gion PACA.<\/p>\n\n<figure class=\"wp-block-image size-full\"><img loading=\"lazy\" decoding=\"async\" width=\"1344\" height=\"768\" src=\"https:\/\/www.villasdeprovence.fr\/blog\/wp-content\/uploads\/2026\/04\/Logis-familial-varois-decouvrez-les-services-et-avantages-pour-les-habitants-du-var-1.jpg\" alt=\"d\u00e9couvrez les services et avantages offerts par le logis familial varois, une solution d&#039;habitat adapt\u00e9e aux besoins des habitants du var pour un cadre de vie confortable et convivial.\" class=\"wp-image-155\" srcset=\"https:\/\/www.villasdeprovence.fr\/blog\/wp-content\/uploads\/2026\/04\/Logis-familial-varois-decouvrez-les-services-et-avantages-pour-les-habitants-du-var-1.jpg 1344w, https:\/\/www.villasdeprovence.fr\/blog\/wp-content\/uploads\/2026\/04\/Logis-familial-varois-decouvrez-les-services-et-avantages-pour-les-habitants-du-var-1-300x171.jpg 300w, https:\/\/www.villasdeprovence.fr\/blog\/wp-content\/uploads\/2026\/04\/Logis-familial-varois-decouvrez-les-services-et-avantages-pour-les-habitants-du-var-1-1024x585.jpg 1024w, https:\/\/www.villasdeprovence.fr\/blog\/wp-content\/uploads\/2026\/04\/Logis-familial-varois-decouvrez-les-services-et-avantages-pour-les-habitants-du-var-1-768x439.jpg 768w\" sizes=\"auto, (max-width: 1344px) 100vw, 1344px\" \/><\/figure>\n\n<h2 class=\"wp-block-heading\">Les services logement adapt\u00e9s aux besoins des familles varoises<\/h2>\n\n<p>Le logis familial varois a su d\u00e9velopper un ensemble de <strong>services logement<\/strong> qui font la diff\u00e9rence pour les habitants de ce d\u00e9partement. Au c\u0153ur de son offre, la priorit\u00e9 est donn\u00e9e \u00e0 la cr\u00e9ation d\u2019une ambiance conviviale et s\u00e9curitaire, qui contribue au bien-\u00eatre des foyers et facilite leur int\u00e9gration dans la vie locale varoise.<\/p>\n\n<p>Un premier service-cl\u00e9 r\u00e9side dans la facilit\u00e9 d\u2019acc\u00e8s aux logements sociaux, gr\u00e2ce \u00e0 une proc\u00e9dure simplifi\u00e9e et un accompagnement personnalis\u00e9 tout au long du processus. Ce suivi s\u2019\u00e9tend aux aides au logement, permettant aux familles les plus modestes de trouver des solutions adapt\u00e9es \u00e0 leur budget. Cette aide financi\u00e8re combin\u00e9e \u00e0 la diversit\u00e9 de l\u2019offre immobili\u00e8re garantit une forte accessibilit\u00e9 pour les potentiels locataires.<\/p>\n\n<p>Une fois install\u00e9, le r\u00e9sident b\u00e9n\u00e9ficie de prestations pragmatiques et qualitatives. Par exemple, la maintenance r\u00e9guli\u00e8re des \u00e9quipements, telle que le contr\u00f4le du chauffage, la temp\u00e9rature ambiante ou encore le fonctionnement des ascenseurs, est r\u00e9alis\u00e9e selon une fr\u00e9quence rigoureuse. Cette attention port\u00e9e aux infrastructures contribue \u00e0 limiter les d\u00e9sagr\u00e9ments li\u00e9s aux pannes et am\u00e9liore significativement le confort quotidien.<\/p>\n\n<p>L\u2019entretien des parties communes est \u00e9galement un aspect essentiel, assur\u00e9 par une \u00e9quipe d\u00e9di\u00e9e au nettoyage des halls, escaliers, ascenseurs, espaces verts et aires de jeux. La s\u00e9curit\u00e9 y est particuli\u00e8rement surveill\u00e9e, avec des contr\u00f4les p\u00e9riodiques visant \u00e0 pr\u00e9venir tout risque pour les habitants, notamment les plus vuln\u00e9rables. Ce souci du d\u00e9tail cr\u00e9e un cadre de vie harmonieux et sain, renfor\u00e7ant l\u2019attractivit\u00e9 des logements sociaux propos\u00e9s.<\/p>\n\n<p>Enfin, une organisation efficace a \u00e9t\u00e9 mise en place pour la gestion des r\u00e9clamations : un service r\u00e9actif recueille les dol\u00e9ances des r\u00e9sidents, traite rapidement chaque demande et assure une communication claire et transparente. Les unit\u00e9s bas\u00e9es \u00e0 Hy\u00e8res et Fr\u00e9jus jouent ici un r\u00f4le primordial, servant d\u2019interm\u00e9diaires directs entre le logis familial varois, les familles et les collectivit\u00e9s.<\/p>\n\n<p>Pour en savoir davantage sur ces prestations, il est possible de consulter les ressources disponibles en ligne, comme la fiche du logis sur <a href=\"https:\/\/autour-de-moi.pro\/fiche\/logis-familial-varois-3\/\" rel=\"nofollow\">Autour de moi<\/a> ou encore sur <a href=\"https:\/\/www.pagesjaunes.fr\/pros\/54016623\" rel=\"nofollow\">Pages Jaunes<\/a>. Ces plateformes offrent un aper\u00e7u pr\u00e9cis des horaires, contacts et avis des usagers, facilitant ainsi la prise de contact et l\u2019orientation.<\/p>\n\n<h3 class=\"wp-block-heading\">Liste des services propos\u00e9s aux habitants du Var par le logis familial varois :<\/h3>\n\n<ul class=\"wp-block-list\"><li>Logements sociaux neufs et r\u00e9nov\u00e9s adapt\u00e9s aux familles, seniors et personnes \u00e0 mobilit\u00e9 r\u00e9duite.<\/li><li>Proc\u00e9dures simplifi\u00e9es pour l\u2019obtention des aides au logement.<\/li><li>Maintenance r\u00e9guli\u00e8re des installations techniques et \u00e9quipements communs.<\/li><li>Entretien quotidien des parties communes et espaces ext\u00e9rieurs.<\/li><li>Service de gestion des r\u00e9clamations avec traitement rapide et suivi personnalis\u00e9.<\/li><li>Accompagnement dans la vie locale varoise gr\u00e2ce \u00e0 des partenariats avec les acteurs sociaux.<\/li><li>Programmes sp\u00e9cifiques pour r\u00e9pondre aux besoins des seniors, valid\u00e9s par le label Habitat Senior Services.<\/li><\/ul>\n\n<h2 class=\"wp-block-heading\">Avantages et b\u00e9n\u00e9fices pour les habitants : un engagement au-del\u00e0 du simple logement social<\/h2>\n\n<p>Le logis familial varois ne se limite pas \u00e0 fournir un simple toit, il s\u2019inscrit pleinement dans une d\u00e9marche globale d\u2019am\u00e9lioration des conditions de vie et de soutien aux familles. Les <strong>avantages habitants<\/strong> sont multiples et t\u00e9moignent d\u2019une r\u00e9elle volont\u00e9 de cr\u00e9er une <strong>r\u00e9sidence familiale<\/strong> durable et attractive.<\/p>\n\n<p>Un des grands b\u00e9n\u00e9fices est la possibilit\u00e9 pour les familles d\u2019acc\u00e9der \u00e0 un logement \u00e0 la fois abordable et confortable, dans un environnement qui favorise la convivialit\u00e9 et le lien social. Gr\u00e2ce \u00e0 une r\u00e9partition \u00e9quitable des logements, la mixit\u00e9 sociale est encourag\u00e9e, r\u00e9duisant ainsi les risques d\u2019exclusion et cr\u00e9ant un v\u00e9ritable sentiment d\u2019appartenance.<\/p>\n\n<p>Le logis familial varois place aussi la proximit\u00e9 au c\u0153ur de son dispositif : les habitants peuvent compter sur une pr\u00e9sence constante des \u00e9quipes de gestion, toujours \u00e0 l\u2019\u00e9coute et disponibles pour r\u00e9pondre \u00e0 leurs besoins. Plusieurs actions concr\u00e8tes renforcent cet ancrage local, comme des rencontres r\u00e9guli\u00e8res entre les r\u00e9sidents, des ateliers d\u2019information sur les droits au logement et des partenariats avec les associations locales.<\/p>\n\n<p>De plus, les programmes cibl\u00e9s pour les seniors, notamment ceux labellis\u00e9s Habitat Senior Services, permettent \u00e0 cette frange de la population de rester dans des logements adapt\u00e9s, favorisant leur maintien \u00e0 domicile tout en b\u00e9n\u00e9ficiant d\u2019un accompagnement sp\u00e9cifique. Cela r\u00e9pond \u00e0 une probl\u00e9matique particuli\u00e8rement sensible dans le Var, d\u00e9partement o\u00f9 la population \u00e2g\u00e9e est en progression constante.<\/p>\n\n<p>Voici un tableau synth\u00e9tique illustrant les principaux avantages offerts aux habitants :<\/p>\n\n<figure class=\"wp-block-table\"><table>\n<thead>\n<tr>\n<th>Avantage<\/th>\n<th>B\u00e9n\u00e9fices<\/th>\n<th>Impact sur la vie locale varoise<\/th>\n<\/tr>\n<\/thead>\n<tbody>\n<tr>\n<td>Accessibilit\u00e9 financi\u00e8re<\/td>\n<td>Logements \u00e0 loyers mod\u00e9r\u00e9s adapt\u00e9s \u00e0 divers budgets<\/td>\n<td>R\u00e9duction de la pr\u00e9carit\u00e9 et stabilisation des foyers<\/td>\n<\/tr>\n<tr>\n<td>Services personnalis\u00e9s<\/td>\n<td>Accompagnement individuel et gestion proactive des r\u00e9clamations<\/td>\n<td>Am\u00e9lioration du bien-\u00eatre et satisfaction des r\u00e9sidents<\/td>\n<\/tr>\n<tr>\n<td>Habitat adapt\u00e9 aux seniors<\/td>\n<td>Logements labellis\u00e9s avec \u00e9quipements sp\u00e9cifiques<\/td>\n<td>Maintien \u00e0 domicile s\u00e9curis\u00e9 et valorisation du patrimoine social<\/td>\n<\/tr>\n<tr>\n<td>Maintien de la mixit\u00e9 sociale<\/td>\n<td>R\u00e9partition \u00e9quilibr\u00e9e des logements entre diff\u00e9rentes cat\u00e9gories sociales<\/td>\n<td>Renforcement de la coh\u00e9sion sociale et dynamisation des quartiers<\/td>\n<\/tr>\n<\/tbody>\n<\/table><\/figure>\n\n<p>Ces engagements facilitent non seulement la vie quotidienne des habitants mais renforcent \u00e9galement le tissu social varois, illustrant la capacit\u00e9 du logis familial \u00e0 r\u00e9pondre aux d\u00e9fis contemporains de l\u2019habitat social. Cette vision strat\u00e9gique, alli\u00e9e \u00e0 une gestion exemplaire, fait du logis familial varois un acteur cl\u00e9 de la stabilit\u00e9 sociale dans la r\u00e9gion.<\/p>\n\n<h2 class=\"wp-block-heading\">Une organisation et un accompagnement sur-mesure pour optimiser la vie locale varoise<\/h2>\n\n<p>L\u2019efficacit\u00e9 du logis familial varois repose largement sur sa gouvernance et l\u2019organisation de ses \u00e9quipes. Le syst\u00e8me hi\u00e9rarchique est compos\u00e9 d\u2019un conseil de surveillance au sommet, charg\u00e9 de d\u00e9finir les grandes orientations, suivi d\u2019un directoire qui supervise les services promotion et comptabilit\u00e9. Cette structure permet une r\u00e9partition claire des responsabilit\u00e9s et une prise de d\u00e9cision agile.<\/p>\n\n<p>La direction du patrimoine joue un r\u00f4le central en pilotant plusieurs services sp\u00e9cialis\u00e9s, notamment :<\/p>\n\n<ul class=\"wp-block-list\"><li>Le service technique charg\u00e9 de l\u2019entretien et des r\u00e9novations.<\/li><li>L\u2019agence de Hy\u00e8res Var-Ouest et l\u2019agence de Saint-Rapha\u00ebl Var-Est, qui assurent une pr\u00e9sence locale sur le terrain.<\/li><li>Les services commerciaux et contentieux qui accompagnent les locataires.<\/li><\/ul>\n\n<p>Associ\u00e9es \u00e0 cette organisation, les comp\u00e9tences sp\u00e9cifiques du GIE Logement Fran\u00e7ais viennent enrichir le dispositif. Ce groupement d\u2019int\u00e9r\u00eat \u00e9conomique apporte un soutien essentiel dans les domaines juridiques, informatiques, ressources humaines, communication et r\u00e9novation urbaine. Cette collaboration b\u00e9n\u00e9ficie directement aux habitants, car elle garantit une gestion moderne, transparente et efficace.<\/p>\n\n<p>En mati\u00e8re de vie locale varoise, le logis familial contribue \u00e9galement \u00e0 dynamiser les quartiers en favorisant l\u2019int\u00e9gration des habitants et la mixit\u00e9 sociale. Les \u00e9quipes de proximit\u00e9 entretiennent un dialogue constant avec les \u00e9lus locaux afin d\u2019adapter en continu les offres de logements et les services aux \u00e9volutions des besoins. Ce partenariat public-priv\u00e9 est un mod\u00e8le qui assure un \u00e9quilibre entre demandes sociales et r\u00e9alit\u00e9s \u00e9conomiques.<\/p>\n\n<p>Une attention particuli\u00e8re est \u00e9galement port\u00e9e \u00e0 la propret\u00e9 et \u00e0 la s\u00e9curit\u00e9 des r\u00e9sidences. Des \u00e9quipes d\u00e9di\u00e9es r\u00e9alisent r\u00e9guli\u00e8rement le nettoyage des espaces communs, veillent au bon fonctionnement des ascenseurs et assurent la surveillance des aires de jeux, indispensables pour garantir un cadre de vie sain et s\u00e9curis\u00e9, notamment pour les familles avec enfants.<\/p>\n\n<figure class=\"wp-block-image size-full\"><img loading=\"lazy\" decoding=\"async\" width=\"1344\" height=\"768\" src=\"https:\/\/www.villasdeprovence.fr\/blog\/wp-content\/uploads\/2026\/04\/Logis-familial-varois-decouvrez-les-services-et-avantages-pour-les-habitants-du-var-2.jpg\" alt=\"d\u00e9couvrez les services et avantages offerts par logis familial varois pour am\u00e9liorer le quotidien des habitants du var. logement, accompagnement et soutien de qualit\u00e9.\" class=\"wp-image-156\" srcset=\"https:\/\/www.villasdeprovence.fr\/blog\/wp-content\/uploads\/2026\/04\/Logis-familial-varois-decouvrez-les-services-et-avantages-pour-les-habitants-du-var-2.jpg 1344w, https:\/\/www.villasdeprovence.fr\/blog\/wp-content\/uploads\/2026\/04\/Logis-familial-varois-decouvrez-les-services-et-avantages-pour-les-habitants-du-var-2-300x171.jpg 300w, https:\/\/www.villasdeprovence.fr\/blog\/wp-content\/uploads\/2026\/04\/Logis-familial-varois-decouvrez-les-services-et-avantages-pour-les-habitants-du-var-2-1024x585.jpg 1024w, https:\/\/www.villasdeprovence.fr\/blog\/wp-content\/uploads\/2026\/04\/Logis-familial-varois-decouvrez-les-services-et-avantages-pour-les-habitants-du-var-2-768x439.jpg 768w\" sizes=\"auto, (max-width: 1344px) 100vw, 1344px\" \/><\/figure>\n\n<figure class=\"is-provider-youtube is-type-video wp-block-embed wp-block-embed-youtube wp-embed-aspect-16-9 wp-has-aspect-ratio\"><div class=\"wp-block-embed__wrapper\">\n<iframe loading=\"lazy\" title=\"Le Var r\u00e9compense l\u2019innovation et la recherche au service du territoire\" width=\"500\" height=\"281\" src=\"https:\/\/www.youtube.com\/embed\/9dxj0cJnQnI?feature=oembed\" frameborder=\"0\" allow=\"accelerometer; autoplay; clipboard-write; encrypted-media; gyroscope; picture-in-picture; web-share\" referrerpolicy=\"strict-origin-when-cross-origin\" allowfullscreen><\/iframe>\n<\/div><\/figure>\n\n<h2 class=\"wp-block-heading\">Perspectives et \u00e9volutions : r\u00e9pondre aux d\u00e9fis futurs de l\u2019habitat social dans le Var<\/h2>\n\n<p>Alors que le Var continue \u00e0 se d\u00e9velopper et \u00e0 accueillir de nouveaux habitants, le logis familial varois doit relever plusieurs d\u00e9fis majeurs pour tenir son rang d\u2019acteur principal du logement social. L\u2019\u00e9volution d\u00e9mographique, notamment le vieillissement de la population, ainsi que les besoins accrus en logements adapt\u00e9s, imposent une adaptation constante de l\u2019offre.<\/p>\n\n<p>Le d\u00e9veloppement de projets immobiliers neufs int\u00e9grant des services innovants et une forte dimension \u00e9cologique constitue une des priorit\u00e9s. Le logis familial varois mise sur des programmes de r\u00e9sidences familiales favorisant les \u00e9conomies d\u2019\u00e9nergie, la qualit\u00e9 thermique et l\u2019int\u00e9gration paysag\u00e8re. Ces caract\u00e9ristiques correspondent aux attentes grandissantes des habitants, soucieux de leur impact environnemental.<\/p>\n\n<p>Par ailleurs, la digitalisation des services, amorc\u00e9e depuis plusieurs ann\u00e9es, sera intensifi\u00e9e pour simplifier encore davantage les d\u00e9marches administratives et am\u00e9liorer la qualit\u00e9 de la relation client. Cette modernisation facilitera l\u2019acc\u00e8s aux informations, l\u2019enregistrement des dossiers et le suivi des interventions techniques. Les unit\u00e9s de gestion de Hy\u00e8res et Fr\u00e9jus serviront de p\u00f4les de pilotage avanc\u00e9s dans cette transition num\u00e9rique.<\/p>\n\n<p>Enfin, les coop\u00e9rations avec les collectivit\u00e9s territoriales se renforceront autour des enjeux de mixit\u00e9 sociale et d\u2019insertion. Le logis familial pr\u00e9voit de d\u00e9velopper des partenariats avec des associations locales pour favoriser l\u2019inclusion, la pr\u00e9vention des expulsions ainsi que l\u2019acc\u00e8s \u00e0 la formation et \u00e0 l\u2019emploi pour les r\u00e9sidents. Ce dispositif ancre profond\u00e9ment le logement social dans une dynamique globale de d\u00e9veloppement durable et solidaire.<\/p>\n\n<p>Pour approfondir ces th\u00e9matiques et d\u00e9couvrir les actions r\u00e9centes du logis familial varois, vous pouvez consulter des ressources d\u00e9taill\u00e9es comme l\u2019article <a href=\"https:\/\/www.immo-actu.fr\/logis-familial-varois-zoom-sur-cet-acteur-de-l-habitat-social\/\" rel=\"nofollow\">Logis Familial Varois : Zoom sur cet acteur de l\u2019habitat social<\/a> ou la mention officielle du label senior sur <a href=\"https:\/\/www.1001vieshabitat.fr\/logis-familial-varois-labellise-habitat-senior-services-mention-confirmee\/\" rel=\"nofollow\">1001 Vies Habitat<\/a>.<\/p>\n\n<figure class=\"is-provider-youtube is-type-video wp-block-embed wp-block-embed-youtube wp-embed-aspect-16-9 wp-has-aspect-ratio\"><div class=\"wp-block-embed__wrapper\">\n<iframe loading=\"lazy\" title=\"L\u2019habitat inclusif dans le Var : d\u00e9couverte de la Famille Gouvernante du Val\" width=\"500\" height=\"281\" src=\"https:\/\/www.youtube.com\/embed\/gh9Ir6hO_jc?feature=oembed\" frameborder=\"0\" allow=\"accelerometer; autoplay; clipboard-write; encrypted-media; gyroscope; picture-in-picture; web-share\" referrerpolicy=\"strict-origin-when-cross-origin\" allowfullscreen><\/iframe>\n<\/div><\/figure>\n\n","protected":false},"excerpt":{"rendered":"<p>Dans le d\u00e9partement du Var, le logis familial varois s&rsquo;impose comme une r\u00e9f\u00e9rence majeure en mati\u00e8re d&rsquo;habitat social. Depuis plusieurs [&hellip;]<\/p>\n","protected":false},"author":1,"featured_media":154,"comment_status":"open","ping_status":"open","sticky":false,"template":"","format":"standard","meta":{"site-sidebar-layout":"default","site-content-layout":"","ast-site-content-layout":"default","site-content-style":"default","site-sidebar-style":"default","ast-global-header-display":"","ast-banner-title-visibility":"","ast-main-header-display":"","ast-hfb-above-header-display":"","ast-hfb-below-header-display":"","ast-hfb-mobile-header-display":"","site-post-title":"","ast-breadcrumbs-content":"","ast-featured-img":"","footer-sml-layout":"","ast-disable-related-posts":"","theme-transparent-header-meta":"","adv-header-id-meta":"","stick-header-meta":"","header-above-stick-meta":"","header-main-stick-meta":"","header-below-stick-meta":"","astra-migrate-meta-layouts":"default","ast-page-background-enabled":"default","ast-page-background-meta":{"desktop":{"background-color":"var(--ast-global-color-5)","background-image":"","background-repeat":"repeat","background-position":"center center","background-size":"auto","background-attachment":"scroll","background-type":"","background-media":"","overlay-type":"","overlay-color":"","overlay-opacity":"","overlay-gradient":""},"tablet":{"background-color":"","background-image":"","background-repeat":"repeat","background-position":"center center","background-size":"auto","background-attachment":"scroll","background-type":"","background-media":"","overlay-type":"","overlay-color":"","overlay-opacity":"","overlay-gradient":""},"mobile":{"background-color":"","background-image":"","background-repeat":"repeat","background-position":"center center","background-size":"auto","background-attachment":"scroll","background-type":"","background-media":"","overlay-type":"","overlay-color":"","overlay-opacity":"","overlay-gradient":""}},"ast-content-background-meta":{"desktop":{"background-color":"var(--ast-global-color-4)","background-image":"","background-repeat":"repeat","background-position":"center center","background-size":"auto","background-attachment":"scroll","background-type":"","background-media":"","overlay-type":"","overlay-color":"","overlay-opacity":"","overlay-gradient":""},"tablet":{"background-color":"var(--ast-global-color-4)","background-image":"","background-repeat":"repeat","background-position":"center center","background-size":"auto","background-attachment":"scroll","background-type":"","background-media":"","overlay-type":"","overlay-color":"","overlay-opacity":"","overlay-gradient":""},"mobile":{"background-color":"var(--ast-global-color-4)","background-image":"","background-repeat":"repeat","background-position":"center center","background-size":"auto","background-attachment":"scroll","background-type":"","background-media":"","overlay-type":"","overlay-color":"","overlay-opacity":"","overlay-gradient":""}},"footnotes":""},"categories":[4],"tags":[173,174,170,172,171],"class_list":["post-157","post","type-post","status-publish","format-standard","has-post-thumbnail","hentry","category-sejours-experiences","tag-avantages-locaux","tag-habitat-familial","tag-logis-familial","tag-services-pour-habitants","tag-var"],"_links":{"self":[{"href":"https:\/\/www.villasdeprovence.fr\/blog\/wp-json\/wp\/v2\/posts\/157","targetHints":{"allow":["GET"]}}],"collection":[{"href":"https:\/\/www.villasdeprovence.fr\/blog\/wp-json\/wp\/v2\/posts"}],"about":[{"href":"https:\/\/www.villasdeprovence.fr\/blog\/wp-json\/wp\/v2\/types\/post"}],"author":[{"embeddable":true,"href":"https:\/\/www.villasdeprovence.fr\/blog\/wp-json\/wp\/v2\/users\/1"}],"replies":[{"embeddable":true,"href":"https:\/\/www.villasdeprovence.fr\/blog\/wp-json\/wp\/v2\/comments?post=157"}],"version-history":[{"count":0,"href":"https:\/\/www.villasdeprovence.fr\/blog\/wp-json\/wp\/v2\/posts\/157\/revisions"}],"wp:featuredmedia":[{"embeddable":true,"href":"https:\/\/www.villasdeprovence.fr\/blog\/wp-json\/wp\/v2\/media\/154"}],"wp:attachment":[{"href":"https:\/\/www.villasdeprovence.fr\/blog\/wp-json\/wp\/v2\/media?parent=157"}],"wp:term":[{"taxonomy":"category","embeddable":true,"href":"https:\/\/www.villasdeprovence.fr\/blog\/wp-json\/wp\/v2\/categories?post=157"},{"taxonomy":"post_tag","embeddable":true,"href":"https:\/\/www.villasdeprovence.fr\/blog\/wp-json\/wp\/v2\/tags?post=157"}],"curies":[{"name":"wp","href":"https:\/\/api.w.org\/{rel}","templated":true}]}}